{"id":12,"__str__":"Indica\u00e7\u00e3o n\u00ba 2 de 2019","link_detail_backend":"/materia/12","metadata":{},"numero":2,"ano":2019,"numero_protocolo":null,"data_apresentacao":"2019-02-11","tipo_apresentacao":"E","data_publicacao":null,"numero_origem_externa":"001","ano_origem_externa":2019,"data_origem_externa":"2019-02-11","apelido":"","dias_prazo":null,"data_fim_prazo":null,"em_tramitacao":false,"polemica":null,"objeto":"","complementar":null,"ementa":"Indica\u00e7\u00e3o 001/2019 - Vereador Luzinei Delgado - Constru\u00e7\u00e3o de Uma escola na Comunidade de Fortaleza do Bom Emtento","indexacao":"","observacao":"","resultado":"","texto_original":null,"data_ultima_atualizacao":"2019-02-11T12:52:16.089083-02:00","ip":"","ultima_edicao":null,"tipo":8,"regime_tramitacao":1,"tipo_origem_externa":8,"local_origem_externa":1,"user":null,"anexadas":[],"autores":[28]}