{"id":21,"__str__":"Parecer Conjunto n\u00ba 2 de 2019","link_detail_backend":"/materia/21","metadata":{},"numero":2,"ano":2019,"numero_protocolo":null,"data_apresentacao":"2019-02-18","tipo_apresentacao":"E","data_publicacao":null,"numero_origem_externa":"002","ano_origem_externa":2019,"data_origem_externa":"2019-02-18","apelido":"","dias_prazo":null,"data_fim_prazo":null,"em_tramitacao":false,"polemica":null,"objeto":"","complementar":null,"ementa":"PARECER CONJUNTO N\u00ba 002/2019 - Sobre o Projeto de Lei da Mesa Diretora n\u00ba 002/2019, de 25 de Janeiro de 2019, que Concede a revis\u00e3o Geral Anual na Remunera\u00e7\u00e3o dos Servidores P\u00fablicos da C\u00e2mara Municipal de Manicor\u00e9/AM; Reajusta a porcentagem dos Anexos I - B e Anexo, I - C, da Lei Municipal 915/2018, e d\u00e1 outras Provid\u00eancias.\r\n\r\nRelator da 1\u00aa Comiss\u00e3o - Vereador Nelson da Costa Monteiro\r\nRelator da  2\u00aa Comiss\u00e3o - Vereador Bernardino Jos\u00e9 Lindoso Neto","indexacao":"","observacao":"","resultado":"","texto_original":null,"data_ultima_atualizacao":"2019-02-18T09:32:04.037820-03:00","ip":"","ultima_edicao":null,"tipo":13,"regime_tramitacao":1,"tipo_origem_externa":13,"local_origem_externa":11,"user":null,"anexadas":[],"autores":[31]}