{"id":276,"__str__":"Indica\u00e7\u00e3o n\u00ba 141 de 2019","link_detail_backend":"/materia/276","metadata":{},"numero":141,"ano":2019,"numero_protocolo":null,"data_apresentacao":"2019-09-24","tipo_apresentacao":"","data_publicacao":null,"numero_origem_externa":"","ano_origem_externa":2019,"data_origem_externa":"2019-09-24","apelido":"","dias_prazo":null,"data_fim_prazo":null,"em_tramitacao":false,"polemica":null,"objeto":"","complementar":null,"ementa":"IND. N\u00ba 012/2019. CHARLES MEIRELES . REQUEIRO A SUA EXCEL\u00caNCIA, QUE SEJA OUVIDO O DOUTO PLEN\u00c1RIO DESTE PODER LEGISLATIVO MUNICIPAL QUE A PRESENTE PROPOSITURA SEJA ENCAMINHADA ATRAV\u00c9S DE INTICA\u00c7\u00c3O  - PARA QUE O RESPOS\u00c1VEL  DADEFESA CIVIL - TOME ALGUMA PROVIDENCIA EM CAR\u00c1TER DE URG\u00c9NCIA.","indexacao":"","observacao":"","resultado":"","texto_original":"http://sapl.manicore.am.leg.br/media/sapl/public/materialegislativa/2019/276/indicacao_012_2019.pdf","data_ultima_atualizacao":"2020-07-23T16:35:39.557761-03:00","ip":"45.239.52.154","ultima_edicao":"2020-07-23T16:23:11.249847-03:00","tipo":8,"regime_tramitacao":1,"tipo_origem_externa":8,"local_origem_externa":1,"user":21,"anexadas":[],"autores":[10]}