{"id":75,"__str__":"Requerimento n\u00ba 5 de 2019","link_detail_backend":"/materia/75","metadata":{},"numero":5,"ano":2019,"numero_protocolo":null,"data_apresentacao":"2019-04-01","tipo_apresentacao":"E","data_publicacao":null,"numero_origem_externa":"","ano_origem_externa":null,"data_origem_externa":"2019-04-01","apelido":"","dias_prazo":null,"data_fim_prazo":null,"em_tramitacao":false,"polemica":null,"objeto":"","complementar":null,"ementa":"REQ. 001/2019 - VER. MICHAEL BREVES - SOLICITA INFORMA\u00c7\u00c3O DA SEMED E PREFEITURA DE MANICOR\u00c9 SOBRE A SITUA\u00c7\u00c3O DO TRANSPORTE ESCOLAR DO MUNIC\u00cdPIO","indexacao":"","observacao":"","resultado":"","texto_original":null,"data_ultima_atualizacao":"2019-04-01T11:39:21.785761-03:00","ip":"","ultima_edicao":null,"tipo":3,"regime_tramitacao":1,"tipo_origem_externa":null,"local_origem_externa":1,"user":null,"anexadas":[],"autores":[27]}