{"id":67,"__str__":"Ordem do Dia/Expediente: 6 - Requerimento n\u00ba 5 de 2019 em 14\u00aa Sess\u00e3o Ordin\u00e1ria da 3\u00aa Sess\u00e3o Legislativa da 31\u00aa Legislatura","link_detail_backend":"/sessao/expedientemateria/67","metadata":{},"data_ordem":"2019-04-01","observacao":"REQ. 001/2019 - VER. MICHAEL BREVES - SOLICITA INFORMA\u00c7\u00c3O DA SEMED E PREFEITURA DE MANICOR\u00c9 SOBRE A SITUA\u00c7\u00c3O DO TRANSPORTE ESCOLAR DO MUNIC\u00cdPIO","numero_ordem":6,"resultado":"Aprovado","tipo_votacao":1,"votacao_aberta":false,"registro_aberto":null,"sessao_plenaria":23,"materia":75,"tramitacao":null}