{"id":9,"__str__":"Ordem do Dia/Expediente: 1 - Indica\u00e7\u00e3o n\u00ba 2 de 2019 em 2\u00aa Sess\u00e3o Ordin\u00e1ria da 3\u00aa Sess\u00e3o Legislativa da 31\u00aa Legislatura","link_detail_backend":"/sessao/expedientemateria/9","metadata":{},"data_ordem":"2019-02-11","observacao":"Indica\u00e7\u00e3o 001/2019 - Vereador Luzinei Delgado - Constru\u00e7\u00e3o de Uma escola na Comunidade de Fortaleza do Bom Emtento","numero_ordem":1,"resultado":"Aprovado","tipo_votacao":1,"votacao_aberta":false,"registro_aberto":null,"sessao_plenaria":11,"materia":12,"tramitacao":null}